{"id":10150,"date":"2026-04-21T17:59:39","date_gmt":"2026-04-21T16:59:39","guid":{"rendered":"https:\/\/ikoninformatika.hu\/?p=10150"},"modified":"2026-04-21T17:59:43","modified_gmt":"2026-04-21T16:59:43","slug":"macbook-neo-a-laptop-amitol-meg-a-cfo-is-mosolyog-es-az-it-vegre-fellelegezhet","status":"publish","type":"post","link":"https:\/\/ikoninformatika.hu\/en\/macbook-neo-a-laptop-amitol-meg-a-cfo-is-mosolyog-es-az-it-vegre-fellelegezhet\/","title":{"rendered":"MacBook Neo: the laptop that makes CFOs smile (and lets IT finally breathe again)"},"content":{"rendered":"\n<p>Kezdj\u00fck egy&nbsp;szem\u00e9lyes megfigyel\u00e9ssel: a v\u00e1llalati laptopstrat\u00e9gia sok helyen egyszer\u0171en nem m\u0171k\u00f6dik j\u00f3l.<\/p>\n\n\n\n<p>T\u00fal dr\u00e1ga. T\u00fal bonyolult. T\u00fal sok a besz\u00e1ll\u00edt\u00f3. T\u00fal sok \u201eenterprise-grade\u201d \u00edg\u00e9ret \u2014 \u00e9s k\u00f6zben az Excel pont a board meeting k\u00f6zep\u00e9n fagy le.<\/p>\n\n\n\n<p>A legt\u00f6bb v\u00e1llalati laptop \u00e1ra az elm\u00falt \u00e9vben drasztikusan emelkedett, mik\u00f6zben azonos teljes\u00edtm\u00e9nyt ny\u00fajtanak, aminek a f\u0151 okait a dr\u00e1gul\u00f3 alapanyagok, a dr\u00e1gul\u00f3 gy\u00e1rt\u00e1s, a chiphi\u00e1ny h\u00e1za<ins>&nbsp;<\/ins>t\u00e1j\u00e1n kell keresn\u00fcnk. Ma egy kor\u00e1bban 300.000 Ft k\u00f6r\u00fcli laptop \u00e1ra ak\u00e1r 500.000 forintig is felk\u00faszott.&nbsp;<\/p>\n\n\n\n<p>Az Apple-re \u00fagy t\u0171nik a neh\u00e9z k\u00fcls\u0151 k\u00f6rnyezet sem hat: ebben a k\u00f6rnyezetben meg\u00e9rkezik a&nbsp;MacBook Neo. Az Apple tal\u00e1n legink\u00e1bb diszrupt\u00edv, v\u00e1llalati informatik\u00e1t \u00e9rint\u0151 dob\u00e1sa az elm\u00falt \u00e9vtizedben. Hadd dobjuk be r\u00f6gt\u00f6n a kulcsmondatot:<\/p>\n\n\n\n<p class=\"has-text-align-center\"><em>Itt a pillanat: a legt\u00f6bb c\u00e9g sz\u00e1m\u00e1ra a Mac-re v\u00e1lt\u00e1s hirtelen teljesen mag\u00e1t\u00f3l \u00e9rtet\u0151d\u0151 d\u00f6nt\u00e9ss\u00e9 v\u00e1lt.<\/em><\/p>\n\n\n\n<p>De l\u00e9pj\u00fcnk egy kicsit vissza: mi\u00e9rt l\u00e9tezik ez az eszk\u00f6z? (Ugyanis nem, nem di\u00e1koknak k\u00e9sz\u00fclt)<\/p>\n\n\n\n<p>Els\u0151 r\u00e1n\u00e9z\u00e9sre k\u00f6nny\u0171 legyinteni: \u201e\u00f3, ez csak egy olcs\u00f3bb Mac\u201d, pedig a&nbsp;MacBook Neo az Apple tudatos v\u00e1lasza egy \u00f3ri\u00e1si piaci r\u00e9sre: min\u0151s\u00e9gi, biztons\u00e1gos, j\u00f3l menedzselhet\u0151 \u00e9s k\u00f6lts\u00e9ghat\u00e9kony eszk\u00f6z a modern munkav\u00e1llal\u00f3knak.<\/p>\n\n\n\n<p>279.990 forintos brutt\u00f3 indul\u00f3 \u00e1r\u00e1val az Apple bel\u00e9pett egy olyan szegmensbe, ahol eddig \u2013 mondjuk ki &#8211; ink\u00e1bb azok a laptopok uralkodtak, amelyeket a munkav\u00e1llal\u00f3k elviseltek, de semmik\u00e9pp sem szerettek.<\/p>\n\n\n\n<figure class=\"wp-block-image size-full\"><img decoding=\"async\" src=\"https:\/\/ikoninformatika.hu\/wp-content\/uploads\/2026\/03\/MacBook_Neo_Silver_Pure_Front_Pure_Back_Screen__USEN-1.tif\" alt=\"\" class=\"wp-image-10154\"\/><\/figure>\n\n\n\n<h3 class=\"wp-block-heading\"><strong>A specifik\u00e1ci\u00f3k, amik val\u00f3ban sz\u00e1m\u00edtanak<\/strong><\/h3>\n\n\n\n<p>Maradunk az \u00fczletileg fontos tulajdons\u00e1gokn\u00e1l. A sz\u00e1mok nem \u00f6nmagukban \u00e9rdekesek, az igazgat\u00f3s\u00e1gi megbesz\u00e9l\u00e9sen \u00fagyis a hozz\u00e1adott \u00e9rt\u00e9ket keress\u00fck.<\/p>\n\n\n\n<h4 class=\"wp-block-heading\">1. <strong>Teljes\u00edtm\u00e9ny: pont ott er\u0151s, ahol kell<\/strong><\/h4>\n\n\n\n<ol class=\"wp-block-list\">\n<li><\/li>\n<\/ol>\n\n\n\n<ul class=\"wp-block-list\">\n<li>Apple A18 Pro chip (6 magos CPU, 5 magos GPU)<\/li>\n\n\n\n<li>16 magos Neural Engine AI feladatokra<\/li>\n\n\n\n<li>g\u00f6rd\u00fcl\u00e9keny m\u0171k\u00f6d\u00e9s Office,&nbsp;multim\u00e9dia,&nbsp;b\u00f6ng\u00e9sz\u0151, kollabor\u00e1ci\u00f3s eszk\u00f6z\u00f6k&nbsp;\u2013 minden irodai munka&nbsp;eset\u00e9n<\/li>\n<\/ul>\n\n\n\n<p>Annak ellen\u00e9re, hogy iPhone-eredet\u0171 chipr\u0151l besz\u00e9l\u00fcnk, <a href=\"https:\/\/www.windowscentral.com\/hardware\/apple\/apples-cheap-macbook-runs-basic-windows-11-apps-with-great-single-core-performance?utm_source=chatgpt.com\" title=\"\">a tapasztalatok szerint<\/a> a val\u00f3s \u00fczleti haszn\u00e1latban meglep\u0151en er\u0151s! M\u00e9g akkor is lek\u00f6r\u00f6z n\u00e9h\u00e1ny versenyt\u00e1rsat a single-core feladatok ter\u00e9n, ha virtualiz\u00e1ci\u00f3ban Windows 11 rendszerben futtatunk Windows alkalmaz\u00e1sokat.&nbsp;A Mac-en telep\u00edthet\u0151 alkalmaz\u00e1sok pedig has\u00edtanak.<\/p>\n\n\n\n<p>Mit jelent ez?&nbsp;A koll\u00e9g\u00e1k nem fognak panaszkodni. \u00c9s ez m\u00e1r \u00f6nmag\u00e1ban KPI.<\/p>\n\n\n\n<h4 class=\"wp-block-heading\">2. <strong>Kijelz\u0151 \u00e9s felhaszn\u00e1l\u00f3i \u00e9lm\u00e9ny: alapb\u00f3l pr\u00e9mium<\/strong><\/h4>\n\n\n\n<ol class=\"wp-block-list\">\n<li><\/li>\n<\/ol>\n\n\n\n<ul class=\"wp-block-list\">\n<li>13\u201d Liquid Retina kijelz\u0151 (2408\u00d71506, 500 nit)<\/li>\n\n\n\n<li>\u00e9les sz\u00f6veg, kiv\u00e1l\u00f3 sz\u00ednek, hossz\u00fa munkanapokra optimaliz\u00e1lva<\/li>\n<\/ul>\n\n\n\n<p>Ez nem egy \u201eolcs\u00f3s\u00edtott\u201d kijelz\u0151, hanem az a min\u0151s\u00e9g, ami cs\u00f6kkenti a szemf\u00e1radts\u00e1got \u2014 \u00e9s a passz\u00edv-agressz\u00edv Teams-reakci\u00f3kat.<\/p>\n\n\n\n<h4 class=\"wp-block-heading\">3. <strong>Akkumul\u00e1tor: a csendes produktivit\u00e1sn\u00f6vel\u0151<\/strong><\/h4>\n\n\n\n<ol class=\"wp-block-list\">\n<li><\/li>\n<\/ol>\n\n\n\n<ul class=\"wp-block-list\">\n<li>ak\u00e1r&nbsp;16 \u00f3ra vide\u00f3 \/ 11 \u00f3ra webhaszn\u00e1lat<\/li>\n\n\n\n<li>egyszer\u0171 USB-C t\u00f6lt\u00e9s<\/li>\n<\/ul>\n\n\n\n<p>Mit jelent ez?<\/p>\n\n\n\n<p>Egy teljes munkanap t\u00fal\u00e9lhet\u0151 konnektorvad\u00e1szat n\u00e9lk\u00fcl.<\/p>\n\n\n\n<h4 class=\"wp-block-heading\">4. <strong>Hordozhat\u00f3s\u00e1g: hibrid munk\u00e1ra tervezve<\/strong><\/h4>\n\n\n\n<ul class=\"wp-block-list\">\n<li>1,23 kg s\u00faly<\/li>\n\n\n\n<li>v\u00e9kony, massz\u00edv alum\u00ednium h\u00e1z<\/li>\n<\/ul>\n\n\n\n<p>El\u00e9g k\u00f6nny\u0171 az ing\u00e1z\u00e1shoz.&nbsp;Ellen\u00e1ll\u00f3&nbsp;alum\u00ednium h\u00e1z&nbsp;a&nbsp;strap\u00e1s&nbsp;napi haszn\u00e1lathoz. El\u00e9g st\u00edlusos ahhoz, hogy \u00fcgyf\u00e9lmeetingre is b\u00fcszk\u00e9n vigy\u00e9k a sales koll\u00e9g\u00e1k.<\/p>\n\n\n\n<h4 class=\"wp-block-heading\">5. <strong>Konnektivit\u00e1s \u00e9s mindennapi haszn\u00e1lhat\u00f3s\u00e1g<\/strong><\/h4>\n\n\n\n<ul class=\"wp-block-list\">\n<li>Wi-Fi 6E, Bluetooth 6<\/li>\n\n\n\n<li>USB-C + k\u00fcls\u0151 4K kijelz\u0151 t\u00e1mogat\u00e1s<\/li>\n\n\n\n<li>1080p kamera \u00e9s fejlett hangrendszer (Igen, a vide\u00f3h\u00edv\u00e1sok v\u00e9gre profin fognak hangzani&nbsp;\u00e9s kin\u00e9zni)<\/li>\n<\/ul>\n\n\n\n<h4 class=\"wp-block-heading\"><strong>6. Biztons\u00e1g \u00e9s AI: be\u00e9p\u00edtve, nem ut\u00f3lag r\u00e1h\u00fazva<\/strong><\/h4>\n\n\n\n<ul class=\"wp-block-list\">\n<li>macOS + Apple Intelligence<\/li>\n\n\n\n<li>eszk\u00f6z\u00f6n fut\u00f3 AI, er\u0151s adatv\u00e9delemmel<\/li>\n<\/ul>\n\n\n\n<p>Mit jelent ez?<\/p>\n\n\n\n<p>Nincs extra licenc&nbsp;ig\u00e9ny, kevesebb&nbsp;az&nbsp;adatv\u00e9delmi r\u00e9m\u00e1lom, kevesebb&nbsp;a&nbsp;\u201eki hagyta j\u00f3v\u00e1 ezt a plugint?\u201d t\u00edpus\u00fa e-mail.<\/p>\n\n\n\n<figure class=\"wp-block-image size-full\"><img decoding=\"async\" src=\"https:\/\/ikoninformatika.hu\/wp-content\/uploads\/2026\/03\/MacBook_Neo_Indigo_Pure_Front_Pure_Back_Business_Screen__WWEN.tif\" alt=\"\" class=\"wp-image-10152\"\/><\/figure>\n\n\n\n<h3 class=\"wp-block-heading\"><strong>Mit mond a piac \u00e9s a visszajelz\u00e9sek?<\/strong><\/h3>\n\n\n\n<p>L\u00e9pj\u00fcnk ki egy pillanatra az Apple marketing vil\u00e1g\u00e1b\u00f3l, \u00e9s n\u00e9zz\u00fck meg, milyen visszajelz\u00e9sek \u00e9rkeztek f\u00fcggetlen forr\u00e1sokb\u00f3l:<\/p>\n\n\n\n<ul class=\"wp-block-list\">\n<li>\u201eA legjobb \u00e1r-\u00e9rt\u00e9k ar\u00e1ny\u00fa notebook a kateg\u00f3ri\u00e1j\u00e1ban\u201d \u2013 \u00edrja a <a href=\"https:\/\/www.popularmechanics.com\/technology\/gadgets\/a70805326\/apple-macbook-neo-review-2026\" title=\"\">Popular Mechanics<\/a><\/li>\n<\/ul>\n\n\n\n<ul class=\"wp-block-list\">\n<li>\u201cA MacBook Neo a legizgalmasabb technol\u00f3giai eszk\u00f6z, amit az elm\u00falt \u00e9vekben teszteltem, \u00e9s mag\u00e1ban hordozza a potenci\u00e1lt, hogy a legjobb MacBook legyen mindazok sz\u00e1m\u00e1ra, akiknek m\u00e9g nincs [\u2026] Egy tucatnyi Chrome- vagy Safari-f\u00fcl maradt reszponz\u00edv, mik\u00f6zben a V\u00e1zlatok, a Slack, a Todoist, a Fot\u00f3k \u00e9s az \u00dczenetek k\u00f6z\u00f6tt ugr\u00e1ltam, mik\u00f6zben a Zene alkalmaz\u00e1sban Charli XCX \u201e365\u201d-je sz\u00f3lt a h\u00e1tt\u00e9rben [\u2026]<br>A MacBook Neo legcsod\u00e1latosabb tulajdons\u00e1ga, hogy milyen nagyszer\u0171 hang- \u00e9s vide\u00f3feldolgoz\u00e1sra, amire soha nem sz\u00e1m\u00edtottam volna egy 599 doll\u00e1ros laptopr\u00f3l [\u2026] Mindenki sz\u00e1m\u00e1ra, aki egy nagyszer\u0171 13 h\u00fcvelykes laptopot keres, de nem akar agg\u00f3dni a k\u00f6lts\u00e9gvet\u00e9s vagy a finansz\u00edroz\u00e1si lehet\u0151s\u00e9gek miatt, a MacBook Neo a megfelel\u0151 v\u00e1laszt\u00e1s.\u201d \u2013 <a href=\"https:\/\/edition.cnn.com\/cnn-underscored\/reviews\/apple-macbook-neo\" title=\"\">CNN<\/a><\/li>\n<\/ul>\n\n\n\n<ul class=\"wp-block-list\">\n<li>\u201eAlap\u00e9rtelmezett v\u00e1laszt\u00e1s bizonytalanoknak\u201d \u2013 \u00edgy a Wall Street Journal<br><\/li>\n<\/ul>\n\n\n\n<ul class=\"wp-block-list\">\n<li>\u201cA Neo hardvere egyszerre hoz zavarba egy eg\u00e9sz kateg\u00f3ri\u00e1nyi megfizethet\u0151 (\u00e9s m\u00e9g j\u00f3val dr\u00e1g\u00e1bb) Windowsos laptopot, valamint szinte b\u00e1rmelyik Chromebookot. R\u00e1ad\u00e1sul a dolog egy iPhone chipen fut [\u2026]<br>Teszteltem m\u00e1r sokkal dr\u00e1g\u00e1bb Windowsos laptopokat is, amelyek komoly kompromisszumokat k\u00f6tnek a k\u00e9perny\u0151, a hangsz\u00f3r\u00f3, a billenty\u0171zet, a trackpad vagy a webkamera min\u0151s\u00e9g\u00e9ben \u2013 vagy ak\u00e1r t\u00f6bbben is, sz\u00f3val az a t\u00e9ny, hogy a Ne\u00f3nak nincsenek komoly hib\u00e1i, nagy dolog [\u2026] A Neo az \u00faj alap\u00e9rtelmezett aj\u00e1nl\u00e1s a di\u00e1kok \u00e9s a laptopokkal \u00fajonnan \u00e9rkez\u0151k sz\u00e1m\u00e1ra, akik valami k\u00f6nnyen haszn\u00e1lhat\u00f3t szeretn\u00e9nek minim\u00e1lis gonddal.\u201d \u2013 <a href=\"https:\/\/www.theverge.com\/tech\/891741\/apple-macbook-neo-a18-pro-review\" title=\"\">The Verge<\/a><\/li>\n<\/ul>\n\n\n\n<p>S\u0151t: M\u00e9g j\u00e1t\u00e9kokat is k\u00e9pes futtatni elfogadhat\u00f3 szinten. A p\u00e9nz\u00fcgyi igazgat\u00f3 mondjuk ett\u0151l nem lesz boldogabb, de egy dolgot jelez: ez a g\u00e9p sokkal t\u00f6bbre k\u00e9pes, mint amit az \u00e1ra sugall.<\/p>\n\n\n\n<h3 class=\"wp-block-heading\"><strong>V\u00e1llalati n\u00e9z\u0151pont: mi\u00e9rt ingott meg most minden kor\u00e1bbi \u00e9rvel\u00e9s?<\/strong><\/h3>\n\n\n\n<p>Besz\u00e9lj\u00fcnk a l\u00e9nyegr\u0151l. A klasszikus dilemma a k\u00f6vetkez\u0151k\u00e9ppen n\u00e9zett ki:<\/p>\n\n\n\n<ul class=\"wp-block-list\">\n<li>olcs\u00f3 eszk\u00f6z&nbsp;\u2192&nbsp;rossz \u00e9lm\u00e9ny&nbsp;\u2192&nbsp;alacsony hat\u00e9konys\u00e1g<\/li>\n\n\n\n<li>pr\u00e9mium laptop&nbsp;\u2192&nbsp;magas \u00e1r&nbsp;\u2192&nbsp;szorong\u00e1s a p\u00e9nz\u00fcgyi oldalon<\/li>\n<\/ul>\n\n\n\n<p>A MacBook Neo ezt feloldja, mert k\u00f6lts\u00e9ghat\u00e9konys\u00e1got hoz kompromisszumok n\u00e9lk\u00fcl. \u00cdgy k\u00f6sz\u00f6nt\u00f6tt r\u00e1nk az&nbsp;Apple-min\u0151s\u00e9g t\u00f6meges bevezet\u00e9sre alkalmas \u00e1ron.<\/p>\n\n\n\n<p>M\u00e1sr\u00e9szt a sztenderdiz\u00e1l\u00e1s is k\u00f6nnyebben megt\u00f6rt\u00e9nhet, merthogy \u00edme egy eszk\u00f6z:<\/p>\n\n\n\n<ul class=\"wp-block-list\">\n<li>irodai dolgoz\u00f3knak<\/li>\n\n\n\n<li>sales csapatnak<\/li>\n\n\n\n<li>remote munkav\u00e1llal\u00f3knak<\/li>\n<\/ul>\n\n\n\n<p>A kevesebb t\u00edpus = egyszer\u0171bb IT = alacsonyabb t\u00e1mogat\u00e1si k\u00f6lts\u00e9g. \u00c9s m\u00e9g egy szempont: a felhaszn\u00e1l\u00f3i \u00e9lm\u00e9ny (ami igenis sz\u00e1m\u00edt)<\/p>\n\n\n\n<p>\u0150szint\u00e9n: Mikor hallott\u00e1l utolj\u00e1ra olyat, hogy \u201efigyelj, \u00e9n im\u00e1dom a c\u00e9ges Windows laptopomat.\u201d<\/p>\n\n\n\n<p>Na ugye. Adjunk viszont Mac-et a munkav\u00e1llal\u00f3k kez\u00e9be, \u00e9s<\/p>\n\n\n\n<ul class=\"wp-block-list\">\n<li>nem harcolnak az eszk\u00f6zzel, az nem egy legy\u0151zend\u0151 plusz feladat&nbsp;<\/li>\n\n\n\n<li>gyorsabb, hat\u00e9konyabb a munka<\/li>\n\n\n\n<li>kevesebb a panasz<\/li>\n\n\n\n<li>jobban vigy\u00e1znak a munkaeszk\u00f6z\u00fckre<\/li>\n<\/ul>\n\n\n\n<p>Ez nem \u201esoft\u201d faktor, hanem \u00fat a produktivit\u00e1shoz.&nbsp;\u00c9s mivel Macr\u0151l van sz\u00f3, ne feledkezz\u00fcnk meg arr\u00f3l, hogy ez az eszk\u00f6z felesleges komplexit\u00e1s n\u00e9lk\u00fcl ny\u00fajt biztons\u00e1got.<\/p>\n\n\n\n<p>A macOS egyenl\u0151 az<\/p>\n\n\n\n<ul class=\"wp-block-list\">\n<li>er\u0151s be\u00e9p\u00edtett v\u00e9delemmel<\/li>\n\n\n\n<li>alacsonyabb kitetts\u00e9ggel<\/li>\n\n\n\n<li>g\u00f6rd\u00fcl\u00e9keny friss\u00edt\u00e9sekkel.<\/li>\n\n\n\n<li>stabil, megb\u00edzhat\u00f3 m\u0171k\u00f6d\u00e9ssel<\/li>\n<\/ul>\n\n\n\n<p>Mit jelent ez? Kevesebb incidenst, kevesebb stresszt, kevesebb \u00e9jszakai IT-riaszt\u00e1st.<\/p>\n\n\n\n<h3 class=\"wp-block-heading\"><strong>De legy\u00fcnk&nbsp;\u0151szint\u00e9k (mert a CIO \u00fagyis megk\u00e9rdezi)<\/strong><\/h3>\n\n\n\n<p>Vajon t\u00f6k\u00e9letes-e?&nbsp;<\/p>\n\n\n\n<ul class=\"wp-block-list\">\n<li>a 8 GB RAM&nbsp;\u2192&nbsp;b\u00e1r&nbsp;nem alkalmas heavy duty fejleszt\u00e9shez, a chip architekt\u00fara miatt messze magasabb teljes\u00edtm\u00e9nyt ad majd le, mint egy m\u00e1s m\u00e1rk\u00e1j\u00fa eszk\u00f6z ugyanilyen mem\u00f3ri\u00e1val<\/li>\n\n\n\n<li>kevesebb port&nbsp;ugyan&nbsp;\u2192&nbsp;adapter m\u00e9g kellhet (az eszk\u00f6z 2 USB-C \u00e9s egy jack porttal \u00e9rkezik)<\/li>\n\n\n\n<li>nem GPU-intenz\u00edv feladatokra k\u00e9sz\u00fclt, az ilyen feladatokra az M5, M5 Pro vagy M5 Max chipekkel szerelt komolyabb Macek alkalmasak.<\/li>\n<\/ul>\n\n\n\n<p>A&nbsp;val\u00f3s\u00e1g&nbsp;viszont&nbsp;az, hogy a munkav\u00e1llal\u00f3k 70\u201380%-\u00e1nak b\u0151ven el\u00e9g a MacBook Neo!<\/p>\n\n\n\n<h3 class=\"wp-block-heading\"><strong>Strat\u00e9giai konkl\u00fazi\u00f3<\/strong><\/h3>\n\n\n\n<p>A MacBook Neo nem csak egy \u00faj term\u00e9k. Hanem egy \u00fczenet. Az Apple azt mondja: \u201eK\u00e9szen \u00e1llunk a t\u00f6meges v\u00e1llalati jelenl\u00e9tre.\u201d<\/p>\n\n\n\n<p>\u00c9s most el\u0151sz\u00f6r minden adott is hozz\u00e1: \u00e1r, teljes\u00edtm\u00e9ny, \u00e9lm\u00e9ny.<\/p>\n\n\n\n<p>Megfontoland\u00f3, mit jelent a MacBook Neora&nbsp;val\u00f3 \u00e1t\u00e1ll\u00e1s, mert ez lehet az a ritka d\u00f6nt\u00e9s, ahol t\u00e9nyleg mindenki nyer.<\/p>\n\n\n\n<p>Persze egyetlen eszk\u00f6z sem l\u00e9tezik v\u00e1kuumban a v\u00e1llalati infrastrukt\u00far\u00e1ban. Amikor pedig egy MacBook integr\u00e1ci\u00f3ja ker\u00fcl napirendre, az Apple-specifikus szak\u00e9rtelem nem extra, hanem alapfelt\u00e9tel. Az iKON Informatika csapata pontosan itt seg\u00edt szintet l\u00e9pni: m\u00e9ly technol\u00f3giai tud\u00e1ssal, ak\u00e1r architektur\u00e1lis szinten is t\u00e1mogatva az IT-t, biztos\u00edtj\u00e1k, hogy az Apple-eszk\u00f6zpark m\u00e9g a leg\u00f6sszetettebb nagyv\u00e1llalati k\u00f6rnyezetben is g\u00f6rd\u00fcl\u00e9kenyen m\u0171k\u00f6dj\u00f6n.<\/p>\n\n\n\n<p>hello@ikoninformatika.hu<\/p>\n\n\n\n<p><\/p>\n","protected":false},"excerpt":{"rendered":"<p>Kezdj\u00fck egy&nbsp;szem\u00e9lyes megfigyel\u00e9ssel: a v\u00e1llalati laptopstrat\u00e9gia sok helyen egyszer\u0171en nem m\u0171k\u00f6dik j\u00f3l. T\u00fal dr\u00e1ga. T\u00fal bonyolult. T\u00fal sok a besz\u00e1ll\u00edt\u00f3. T\u00fal sok \u201eenterprise-grade\u201d \u00edg\u00e9ret \u2014 \u00e9s k\u00f6zben az Excel pont&#8230;<\/p>","protected":false},"author":9,"featured_media":10158,"comment_status":"closed","ping_status":"closed","sticky":false,"template":"","format":"standard","meta":{"_jetpack_memberships_contains_paid_content":false,"footnotes":"","jetpack_publicize_message":"","jetpack_publicize_feature_enabled":true,"jetpack_social_post_already_shared":true,"jetpack_social_options":{"image_generator_settings":{"template":"highway","default_image_id":0,"font":"","enabled":false},"version":2}},"categories":[62],"tags":[63,70,64,127],"class_list":{"0":"post-10150","1":"post","2":"type-post","3":"status-publish","4":"format-standard","5":"has-post-thumbnail","7":"category-apple","8":"tag-apple","9":"tag-mac","10":"tag-macbook","11":"tag-macbook-neo"},"aioseo_notices":[],"jetpack_publicize_connections":[],"jetpack_featured_media_url":"https:\/\/ikoninformatika.hu\/wp-content\/uploads\/2026\/03\/Op2_MacBook_Neo_Hero_Horizontal_Touch_ID_Screen__WWEN-scaled.jpeg","jetpack_sharing_enabled":true,"_links":{"self":[{"href":"https:\/\/ikoninformatika.hu\/en\/wp-json\/wp\/v2\/posts\/10150","targetHints":{"allow":["GET"]}}],"collection":[{"href":"https:\/\/ikoninformatika.hu\/en\/wp-json\/wp\/v2\/posts"}],"about":[{"href":"https:\/\/ikoninformatika.hu\/en\/wp-json\/wp\/v2\/types\/post"}],"author":[{"embeddable":true,"href":"https:\/\/ikoninformatika.hu\/en\/wp-json\/wp\/v2\/users\/9"}],"replies":[{"embeddable":true,"href":"https:\/\/ikoninformatika.hu\/en\/wp-json\/wp\/v2\/comments?post=10150"}],"version-history":[{"count":3,"href":"https:\/\/ikoninformatika.hu\/en\/wp-json\/wp\/v2\/posts\/10150\/revisions"}],"predecessor-version":[{"id":10169,"href":"https:\/\/ikoninformatika.hu\/en\/wp-json\/wp\/v2\/posts\/10150\/revisions\/10169"}],"wp:featuredmedia":[{"embeddable":true,"href":"https:\/\/ikoninformatika.hu\/en\/wp-json\/wp\/v2\/media\/10158"}],"wp:attachment":[{"href":"https:\/\/ikoninformatika.hu\/en\/wp-json\/wp\/v2\/media?parent=10150"}],"wp:term":[{"taxonomy":"category","embeddable":true,"href":"https:\/\/ikoninformatika.hu\/en\/wp-json\/wp\/v2\/categories?post=10150"},{"taxonomy":"post_tag","embeddable":true,"href":"https:\/\/ikoninformatika.hu\/en\/wp-json\/wp\/v2\/tags?post=10150"}],"curies":[{"name":"wp","href":"https:\/\/api.w.org\/{rel}","templated":true}]}}