{"id":7926,"date":"2023-03-30T09:38:37","date_gmt":"2023-03-30T08:38:37","guid":{"rendered":"https:\/\/ikoninformatika.hu\/?p=7926"},"modified":"2023-05-04T09:23:34","modified_gmt":"2023-05-04T08:23:34","slug":"mennyire-fiatalos-marka-az-apple","status":"publish","type":"post","link":"https:\/\/ikoninformatika.hu\/en\/mennyire-fiatalos-marka-az-apple\/","title":{"rendered":"How \u201eyoung\u201d is Apple\u00ae?"},"content":{"rendered":"<div id=\"fws_69f10dfa7569c\"  data-column-margin=\"default\" data-midnight=\"dark\"  class=\"wpb_row vc_row-fluid vc_row\"  style=\"padding-top: 0px; padding-bottom: 0px; \"><div class=\"row-bg-wrap\" data-bg-animation=\"none\" data-bg-overlay=\"false\"><div class=\"inner-wrap\"><div class=\"row-bg\"  style=\"\"><\/div><\/div><\/div><div class=\"row_col_wrap_12 col span_12 dark left\">\n\t<div  class=\"vc_col-sm-12 wpb_column column_container vc_column_container col no-extra-padding inherit_tablet inherit_phone\"  data-padding-pos=\"all\" data-has-bg-color=\"false\" data-bg-color=\"\" data-bg-opacity=\"1\" data-animation=\"\" data-delay=\"0\" >\n\t\t<div class=\"vc_column-inner\" >\n\t\t\t<div class=\"wpb_wrapper\">\n\t\t\t\t\r\n<div class=\"wpb_text_column wpb_content_element\" >\r\n\t<div class=\"wpb_wrapper\">\r\n\t\t<h3>The youth and the increasing numbers of Apple users<\/h3>\n\t<\/div>\r\n<\/div>\r\n\r\n\r\n\r\n\n\t\t\t<\/div> \n\t\t<\/div>\n\t<\/div> \n<\/div><\/div>\r\n\t\t<div id=\"fws_69f10dfa7604f\"  data-column-margin=\"default\" data-midnight=\"dark\"  class=\"wpb_row vc_row-fluid vc_row\"  style=\"padding-top: 0px; padding-bottom: 0px; \"><div class=\"row-bg-wrap\" data-bg-animation=\"none\" data-bg-overlay=\"false\"><div class=\"inner-wrap\"><div class=\"row-bg\"  style=\"\"><\/div><\/div><\/div><div class=\"row_col_wrap_12 col span_12 dark left\">\n\t<div  class=\"vc_col-sm-12 wpb_column column_container vc_column_container col no-extra-padding inherit_tablet inherit_phone\"  data-padding-pos=\"all\" data-has-bg-color=\"false\" data-bg-color=\"\" data-bg-opacity=\"1\" data-animation=\"\" data-delay=\"0\" >\n\t\t<div class=\"vc_column-inner\" >\n\t\t\t<div class=\"wpb_wrapper\">\n\t\t\t\t\r\n<div class=\"wpb_text_column wpb_content_element\" >\r\n\t<div class=\"wpb_wrapper\">\r\n\t\t\t<\/div>\r\n<\/div>\r\n\r\n\r\n\r\n\r\n<div class=\"wpb_text_column wpb_content_element\" >\r\n\t<div class=\"wpb_wrapper\">\r\n\t\t<p>iPhone, iPad and especially Mac users are surprisingly young. A survey by Consumer Intelligence Research Partners found that roughly half of the owners of these products are between 18 and 34. And if we widen the scale and say that 44 is the upper limit, 70 percent of Apple users belong to this age group.<\/p>\n<p>Perhaps the most interesting new feature of the report is that Mac owners are even younger than iPhone and iPad users: the 25-34 age group accounts for 31 percent of Mac users, compared to 27 percent of iPhone owners and 28 percent of iPad owners.<\/p>\n<p>The clear conclusion of the US survey is that young Americans are indeed the key to Apple's popularity, and this generation has rewarded Apple's product development approach based on bold innovation and relentless perfectionism.<\/p>\n\t<\/div>\r\n<\/div>\r\n\r\n\r\n\r\n\n\t\t\t<\/div> \n\t\t<\/div>\n\t<\/div> \n<\/div><\/div>\r\n\t\t<div id=\"fws_69f10dfa768aa\"  data-column-margin=\"default\" data-midnight=\"dark\"  class=\"wpb_row vc_row-fluid vc_row\"  style=\"padding-top: 0px; padding-bottom: 0px; \"><div class=\"row-bg-wrap\" data-bg-animation=\"none\" data-bg-overlay=\"false\"><div class=\"inner-wrap\"><div class=\"row-bg\"  style=\"\"><\/div><\/div><\/div><div class=\"row_col_wrap_12 col span_12 dark left\">\n\t<div  class=\"vc_col-sm-12 wpb_column column_container vc_column_container col no-extra-padding inherit_tablet inherit_phone\"  data-padding-pos=\"all\" data-has-bg-color=\"false\" data-bg-color=\"\" data-bg-opacity=\"1\" data-animation=\"\" data-delay=\"0\" >\n\t\t<div class=\"vc_column-inner\" >\n\t\t\t<div class=\"wpb_wrapper\">\n\t\t\t\t<div class=\"img-with-aniamtion-wrap center\" data-max-width=\"100%\" data-max-width-mobile=\"default\" data-shadow=\"none\" data-animation=\"fade-in\"  style=\"margin-top: 15px; margin-right: 15px; margin-bottom: 15px; margin-left: 15px;\">\r\n      <div class=\"inner\">\r\n        <div class=\"hover-wrap\"> \r\n          <div class=\"hover-wrap-inner\">\r\n            <img fetchpriority=\"high\" decoding=\"async\" class=\"img-with-animation skip-lazy\" data-delay=\"0\" height=\"800\" width=\"800\" data-animation=\"fade-in\" src=\"https:\/\/ikoninformatika.hu\/wp-content\/uploads\/2023\/03\/iMac_24-ikoninformatika-blog.jpg\" alt=\"\" srcset=\"https:\/\/ikoninformatika.hu\/wp-content\/uploads\/2023\/03\/iMac_24-ikoninformatika-blog.jpg 800w, https:\/\/ikoninformatika.hu\/wp-content\/uploads\/2023\/03\/iMac_24-ikoninformatika-blog-300x300.jpg 300w, https:\/\/ikoninformatika.hu\/wp-content\/uploads\/2023\/03\/iMac_24-ikoninformatika-blog-150x150.jpg 150w, https:\/\/ikoninformatika.hu\/wp-content\/uploads\/2023\/03\/iMac_24-ikoninformatika-blog-768x768.jpg 768w, https:\/\/ikoninformatika.hu\/wp-content\/uploads\/2023\/03\/iMac_24-ikoninformatika-blog-12x12.jpg 12w, https:\/\/ikoninformatika.hu\/wp-content\/uploads\/2023\/03\/iMac_24-ikoninformatika-blog-100x100.jpg 100w, https:\/\/ikoninformatika.hu\/wp-content\/uploads\/2023\/03\/iMac_24-ikoninformatika-blog-140x140.jpg 140w, https:\/\/ikoninformatika.hu\/wp-content\/uploads\/2023\/03\/iMac_24-ikoninformatika-blog-500x500.jpg 500w, https:\/\/ikoninformatika.hu\/wp-content\/uploads\/2023\/03\/iMac_24-ikoninformatika-blog-350x350.jpg 350w\" sizes=\"(min-width: 1450px) 75vw, (min-width: 1000px) 85vw, 100vw\" \/>\r\n          <\/div>\r\n        <\/div>\r\n      <\/div>\r\n    <\/div>\n\t\t\t<\/div> \n\t\t<\/div>\n\t<\/div> \n<\/div><\/div>\r\n\t\t<div id=\"fws_69f10dfa77387\"  data-column-margin=\"default\" data-midnight=\"dark\"  class=\"wpb_row vc_row-fluid vc_row\"  style=\"padding-top: 0px; padding-bottom: 0px; \"><div class=\"row-bg-wrap\" data-bg-animation=\"none\" data-bg-overlay=\"false\"><div class=\"inner-wrap\"><div class=\"row-bg\"  style=\"\"><\/div><\/div><\/div><div class=\"row_col_wrap_12 col span_12 dark left\">\n\t<div  class=\"vc_col-sm-12 wpb_column column_container vc_column_container col no-extra-padding inherit_tablet inherit_phone\"  data-padding-pos=\"all\" data-has-bg-color=\"false\" data-bg-color=\"\" data-bg-opacity=\"1\" data-animation=\"\" data-delay=\"0\" >\n\t\t<div class=\"vc_column-inner\" >\n\t\t\t<div class=\"wpb_wrapper\">\n\t\t\t\t\r\n<div class=\"wpb_text_column wpb_content_element\" >\r\n\t<div class=\"wpb_wrapper\">\r\n\t\t<p>Going a bit further, we can also conclude that more and more people will enter the workforce this decade with a Mac-iPad-iPhone workstation as their natural choice. It is therefore worth preparing companies to consider free platform choice as a means of retaining Generation Z talent and ensuring that a young person used to Mac can use their brand of choice for work.<\/p>\n<p>Cisco, for example, has taken this step with its Mac@Cisco project after finding that a great 66% of their employees would choose a Mac as a company device if they had the chance. By giving employees who prefer Macs the same level of support as those who use Windows \u2013 i.e., a real choice \u2013 employee satisfaction has proven to increase significantly.<\/p>\n<p>Retaining young talent is not always an easy task, and this is precisely the generation that appreciates working on a modern, reliable, high-quality and prestigious device.<\/p>\n\t<\/div>\r\n<\/div>\r\n\r\n\r\n\r\n\n\t\t\t<\/div> \n\t\t<\/div>\n\t<\/div> \n<\/div><\/div>","protected":false},"excerpt":{"rendered":"A fiatalok Macet \u00e9s Apple eszk\u00f6z\u00f6ket haszn\u00e1lnak Az iPhone-, az iPad- \u00e9s f\u0151k\u00e9ppen a Mac-haszn\u00e1l\u00f3k meglep\u0151en fiatalok. A Consumer Intelligence Research Partners felm\u00e9r\u00e9se arra jutott, hogy ezen term\u00e9kek tulajdonosainak nagyj\u00e1b\u00f3l...","protected":false},"author":9,"featured_media":7928,"comment_status":"closed","ping_status":"closed","sticky":false,"template":"","format":"standard","meta":{"_jetpack_memberships_contains_paid_content":false,"footnotes":"","jetpack_publicize_message":"","jetpack_publicize_feature_enabled":true,"jetpack_social_post_already_shared":true,"jetpack_social_options":{"image_generator_settings":{"template":"highway","default_image_id":0,"font":"","enabled":false},"version":2}},"categories":[62],"tags":[63,70,76,71,69],"class_list":{"0":"post-7926","1":"post","2":"type-post","3":"status-publish","4":"format-standard","5":"has-post-thumbnail","7":"category-apple","8":"tag-apple","9":"tag-mac","10":"tag-mac-mini","11":"tag-macintosh","12":"tag-macos"},"aioseo_notices":[],"jetpack_publicize_connections":[],"jetpack_featured_media_url":"https:\/\/ikoninformatika.hu\/wp-content\/uploads\/2023\/03\/apple-ikoninformatika-mennyire-fiatal-blog.png","jetpack_sharing_enabled":true,"_links":{"self":[{"href":"https:\/\/ikoninformatika.hu\/en\/wp-json\/wp\/v2\/posts\/7926","targetHints":{"allow":["GET"]}}],"collection":[{"href":"https:\/\/ikoninformatika.hu\/en\/wp-json\/wp\/v2\/posts"}],"about":[{"href":"https:\/\/ikoninformatika.hu\/en\/wp-json\/wp\/v2\/types\/post"}],"author":[{"embeddable":true,"href":"https:\/\/ikoninformatika.hu\/en\/wp-json\/wp\/v2\/users\/9"}],"replies":[{"embeddable":true,"href":"https:\/\/ikoninformatika.hu\/en\/wp-json\/wp\/v2\/comments?post=7926"}],"version-history":[{"count":11,"href":"https:\/\/ikoninformatika.hu\/en\/wp-json\/wp\/v2\/posts\/7926\/revisions"}],"predecessor-version":[{"id":8143,"href":"https:\/\/ikoninformatika.hu\/en\/wp-json\/wp\/v2\/posts\/7926\/revisions\/8143"}],"wp:featuredmedia":[{"embeddable":true,"href":"https:\/\/ikoninformatika.hu\/en\/wp-json\/wp\/v2\/media\/7928"}],"wp:attachment":[{"href":"https:\/\/ikoninformatika.hu\/en\/wp-json\/wp\/v2\/media?parent=7926"}],"wp:term":[{"taxonomy":"category","embeddable":true,"href":"https:\/\/ikoninformatika.hu\/en\/wp-json\/wp\/v2\/categories?post=7926"},{"taxonomy":"post_tag","embeddable":true,"href":"https:\/\/ikoninformatika.hu\/en\/wp-json\/wp\/v2\/tags?post=7926"}],"curies":[{"name":"wp","href":"https:\/\/api.w.org\/{rel}","templated":true}]}}